{"id":680,"date":"2021-02-22T07:04:05","date_gmt":"2021-02-22T10:04:05","guid":{"rendered":"https:\/\/paulajunior.com\/dev\/festivaltransatlantico\/?p=53"},"modified":"2021-03-24T11:17:01","modified_gmt":"2021-03-24T14:17:01","slug":"titulo-atividade-2-2","status":"publish","type":"post","link":"https:\/\/festivaltransatlantico.com.br\/en\/titulo-atividade-2-2\/","title":{"rendered":"Pele Preta"},"content":{"rendered":"<p>&nbsp;English artist, naturalized brazilian, Maureen Bisilliat remembers \u201c<em>Pele Preta<\/em>\u201d, her first essay, made 50 years ago.<\/p>\n\n\n\n<p class=\"has-normal-font-size\"><em>Mediators: Christian Cravo, Adriana Cravo and Marcelo Reis<\/em><\/p>\n\n\n\n<p class=\"has-small-font-size\">Maureen Bisilliat, photographer and documentarian, was awarded scholarships from the Conselho Nacional de Desenvolvimento Tecnol\u00f3gico\/CNPQ [the National Technology Development Council] (1981-87), the Amparo \u00e0 Pesquisa\/FAPESP foundation (1984-87), and the John Simon Guggenheim Foundation (1970). She was born in England in 1931, and settled in Brazil in 1952. She began working in photography in 1962, and was a photojournalist for ten years for the magazines Realidade and 4Rodas. Her travels resulted in a photographic project tracing the \"photographic equivalences\" between the worlds of Euclides da Cunha, Jo\u00e3o Guimar\u00e3es Rosa, Jorge Amado, Jorge de Lima, Jo\u00e3o Cabral de Melo Neto, M\u00e1rio de Andrade and Adelia Prado, and this was later published as a book. In 2003, the Instituto Moreira Salles acquired her photographic collection, and in 2009, the book FOTOGRAFIAS\/Maureen Bisilliat [PHOTOGRAPHS\/ Maureen Bisilliat] was published to accompany her exhibition. The institute's interest in her work rekindled the author\u2019s interest in her own work, particularly that which up until then had been languishing in the archives. She was awarded the Porto Seguro Photography Award, the order of Ipiranga, the Order of Cultural Merit, and the Order of Defence in 2010, all of which demonstrate the positive repercussions of this rediscovery. This was then followed by 9 years working with the editor Felipe Laf\u00e9 in a quasi-archaeological quest for around 20TB of material recorded in a variety of media. The organisation and success of this work and documentaries are now part of the Maureen Bisilliat video archive at the Instituto Moreira Salles.<\/p>","protected":false},"excerpt":{"rendered":"<p>&nbsp;Artista inglesa naturalizada brasileira, Maureen Bisilliat relembra \u201cPele Preta\u201d, seu primeiro ensaio realizado h\u00e1 50 anos. Intermediadores: Christian Cravo, Adriana Cravo e Marcelo Reis Maureen Bisilliat, fot\u00f3grafa e documentarista, nasceu na Inglaterra em 1931, chegando ao Brasil em 1952. Iniciou na fotografia em 1962, atuando como fotojornalista durante 10 anos nas revistas Realidade e 4 [&hellip;]<\/p>\n","protected":false},"author":3,"featured_media":0,"comment_status":"open","ping_status":"open","sticky":false,"template":"","format":"standard","meta":{"_acf_changed":false,"footnotes":""},"categories":[18],"tags":[],"class_list":["post-680","post","type-post","status-publish","format-standard","hentry","category-atividades"],"acf":[],"_links":{"self":[{"href":"https:\/\/festivaltransatlantico.com.br\/en\/wp-json\/wp\/v2\/posts\/680","targetHints":{"allow":["GET"]}}],"collection":[{"href":"https:\/\/festivaltransatlantico.com.br\/en\/wp-json\/wp\/v2\/posts"}],"about":[{"href":"https:\/\/festivaltransatlantico.com.br\/en\/wp-json\/wp\/v2\/types\/post"}],"author":[{"embeddable":true,"href":"https:\/\/festivaltransatlantico.com.br\/en\/wp-json\/wp\/v2\/users\/3"}],"replies":[{"embeddable":true,"href":"https:\/\/festivaltransatlantico.com.br\/en\/wp-json\/wp\/v2\/comments?post=680"}],"version-history":[{"count":5,"href":"https:\/\/festivaltransatlantico.com.br\/en\/wp-json\/wp\/v2\/posts\/680\/revisions"}],"predecessor-version":[{"id":839,"href":"https:\/\/festivaltransatlantico.com.br\/en\/wp-json\/wp\/v2\/posts\/680\/revisions\/839"}],"wp:attachment":[{"href":"https:\/\/festivaltransatlantico.com.br\/en\/wp-json\/wp\/v2\/media?parent=680"}],"wp:term":[{"taxonomy":"category","embeddable":true,"href":"https:\/\/festivaltransatlantico.com.br\/en\/wp-json\/wp\/v2\/categories?post=680"},{"taxonomy":"post_tag","embeddable":true,"href":"https:\/\/festivaltransatlantico.com.br\/en\/wp-json\/wp\/v2\/tags?post=680"}],"curies":[{"name":"wp","href":"https:\/\/api.w.org\/{rel}","templated":true}]}}