{"id":697,"date":"2021-03-15T20:29:47","date_gmt":"2021-03-15T23:29:47","guid":{"rendered":"https:\/\/paulajunior.com\/dev\/festivaltransatlantico\/titulo-atividade-2-copy-copy\/"},"modified":"2021-03-25T20:58:54","modified_gmt":"2021-03-25T23:58:54","slug":"titulo-atividade-2-copy-copy","status":"publish","type":"post","link":"https:\/\/festivaltransatlantico.com.br\/en\/titulo-atividade-2-copy-copy\/","title":{"rendered":"Tipos"},"content":{"rendered":"<p>In a rescue of the work of the German-Brazilian photographer Alberto Henschel, \u201cTipos\u201d resignifies records of people of African descent and \/ or origin - dating from the 1860\u2019s. Through digital photo painting and image manipulation, he recovers the past and gives these individuals the right to subjectivity.<\/p>\n\n\n\n<p><em>Mediators: Christian Cravo, Adriana Cravo and Marcelo Reis<\/em><\/p>\n\n\n\n<p class=\"has-small-font-size\">He has self-published three books of photography: Hecho en Mexico, Taciturnidade, and Omipipa. At the end of 2019, his book Tipos [Types] was published by the French publisher Edition Bressard.\nIn 2020 he gave a workshop entitled \"Pandemia: Maneiras de fotografar dentro de casa\" [Pandemic: Ways to take photographs at home], for the QXAS Festival de Fotografia do Sert\u00e3o Central [Sert\u00e3o Central Photography Festival]. His series \"M\u00e1scara\u201d [Mask] was selected for the 6th Pequeno Encontro de Fotografia de Olinda\/PE [ the Olinda, Pernambuco Photography Meeting]. \"M\u00e1scara\u201d  was also selected for \" mago\" [Core], the third session in the series of videos from the project POR DENTRO DE UM TEMPO SUSPENSO [WITHIN SUSPENDED TIME], an initiative by Foto em Pauto, Foto Rio, the Solar Foto festival, and DOC Galeria. \"M\u00e1scara\" was also part of the Auckland Festival of Photography in New Zealand with a video showing a selection of over 200 images by 200 international photographers, curated by FORMAT.<\/p>","protected":false},"excerpt":{"rendered":"<p>Em um resgate da obra do fot\u00f3grafo teuto-brasileiro Alberto Henschel, Tipos ressignifica registros de pessoas de descend\u00eancia e\/ou origem africana &#8211; datados dos anos de 1860 &#8211;&nbsp; por meio da fotopintura digital e manipula\u00e7\u00e3o de imagem, retoma o passado e confere a esses indiv\u00edduos o direito \u00e0 subjetividade. Intermediadores: Christian Cravo, Adriana Cravo e Marcelo [&hellip;]<\/p>\n","protected":false},"author":3,"featured_media":0,"comment_status":"open","ping_status":"open","sticky":false,"template":"","format":"standard","meta":{"_acf_changed":false,"footnotes":""},"categories":[18],"tags":[],"class_list":["post-697","post","type-post","status-publish","format-standard","hentry","category-atividades"],"acf":[],"_links":{"self":[{"href":"https:\/\/festivaltransatlantico.com.br\/en\/wp-json\/wp\/v2\/posts\/697","targetHints":{"allow":["GET"]}}],"collection":[{"href":"https:\/\/festivaltransatlantico.com.br\/en\/wp-json\/wp\/v2\/posts"}],"about":[{"href":"https:\/\/festivaltransatlantico.com.br\/en\/wp-json\/wp\/v2\/types\/post"}],"author":[{"embeddable":true,"href":"https:\/\/festivaltransatlantico.com.br\/en\/wp-json\/wp\/v2\/users\/3"}],"replies":[{"embeddable":true,"href":"https:\/\/festivaltransatlantico.com.br\/en\/wp-json\/wp\/v2\/comments?post=697"}],"version-history":[{"count":5,"href":"https:\/\/festivaltransatlantico.com.br\/en\/wp-json\/wp\/v2\/posts\/697\/revisions"}],"predecessor-version":[{"id":841,"href":"https:\/\/festivaltransatlantico.com.br\/en\/wp-json\/wp\/v2\/posts\/697\/revisions\/841"}],"wp:attachment":[{"href":"https:\/\/festivaltransatlantico.com.br\/en\/wp-json\/wp\/v2\/media?parent=697"}],"wp:term":[{"taxonomy":"category","embeddable":true,"href":"https:\/\/festivaltransatlantico.com.br\/en\/wp-json\/wp\/v2\/categories?post=697"},{"taxonomy":"post_tag","embeddable":true,"href":"https:\/\/festivaltransatlantico.com.br\/en\/wp-json\/wp\/v2\/tags?post=697"}],"curies":[{"name":"wp","href":"https:\/\/api.w.org\/{rel}","templated":true}]}}