{"id":680,"date":"2021-02-22T07:04:05","date_gmt":"2021-02-22T10:04:05","guid":{"rendered":"https:\/\/paulajunior.com\/dev\/festivaltransatlantico\/?p=53"},"modified":"2021-03-24T11:17:01","modified_gmt":"2021-03-24T14:17:01","slug":"titulo-atividade-2-2","status":"publish","type":"post","link":"https:\/\/festivaltransatlantico.com.br\/pt\/titulo-atividade-2-2\/","title":{"rendered":"Pele Preta"},"content":{"rendered":"\n<p>&nbsp;Artista inglesa naturalizada brasileira, Maureen Bisilliat relembra \u201c<em>Pele Preta<\/em>\u201d, seu primeiro ensaio realizado h\u00e1 50 anos.<\/p>\n\n\n\n<p class=\"has-normal-font-size\"><em>Intermediadores: Christian Cravo, Adriana Cravo e Marcelo Reis<\/em><\/p>\n\n\n\n<p class=\"has-small-font-size\">Maureen Bisilliat, fot\u00f3grafa e documentarista, nasceu na Inglaterra em 1931, chegando ao Brasil em 1952. Iniciou na fotografia em 1962, atuando como fotojornalista durante 10 anos nas revistas Realidade e 4 Rodas. Suas andan\u00e7as resultaram na elabora\u00e7\u00e3o de um projeto tra\u00e7ando \u201cequival\u00eancias fotogr\u00e1ficas\u201d dos mundos retratados por Euclides da Cunha, Jo\u00e3o Guimar\u00e3es Rosa, Jorge Amado, Jorge de Lima, Jo\u00e3o Cabral de Melo Neto,&nbsp;M\u00e1rio de Andrade e Ad\u00e9lia Prado, posteriormente publicadas em livros. Em 2003 o Instituto Moreira Salles adquiriu seu Acervo Fotogr\u00e1fico publicando, em 2009, o livro FOTOGRAFIAS \/ Maureen Bisilliat, acompanhado por uma exposi\u00e7\u00e3o. O interesse do Instituto pela sua obra reavivou o interesse da pr\u00f3pria autora pelos seus pr\u00f3prios trabalhos, at\u00e9 ent\u00e3o esquecidos nos arm\u00e1rios do tempo. Recebeu no ano de 2010, os pr\u00eamios Porto Seguro de Fotografia, a Ordem de Ipiranga, a Ordem de M\u00e9rito Cultural e a Ordem de Defesa, indicando a repercuss\u00e3o positiva desta redescoberta. Segue trabalhando com o editor Felipe Laf\u00e9 numa busca arqueol\u00f3gica de material gravado nos mais variados suportes. A organiza\u00e7\u00e3o deste trabalho e a realiza\u00e7\u00e3o de edi\u00e7\u00f5es e document\u00e1rios fazem parte do Acervo V\u00eddeo Maureen Bisilliat do Instituto Moreira Salles.<\/p>\n","protected":false},"excerpt":{"rendered":"<p>&nbsp;Artista inglesa naturalizada brasileira, Maureen Bisilliat relembra \u201cPele Preta\u201d, seu primeiro ensaio realizado h\u00e1 50 anos. Intermediadores: Christian Cravo, Adriana Cravo e Marcelo Reis Maureen Bisilliat, fot\u00f3grafa e documentarista, nasceu na Inglaterra em 1931, chegando ao Brasil em 1952. Iniciou na fotografia em 1962, atuando como fotojornalista durante 10 anos nas revistas Realidade e 4 [&hellip;]<\/p>\n","protected":false},"author":3,"featured_media":0,"comment_status":"open","ping_status":"open","sticky":false,"template":"","format":"standard","meta":{"_acf_changed":false,"footnotes":""},"categories":[18],"tags":[],"class_list":["post-680","post","type-post","status-publish","format-standard","hentry","category-atividades"],"acf":[],"_links":{"self":[{"href":"https:\/\/festivaltransatlantico.com.br\/pt\/wp-json\/wp\/v2\/posts\/680","targetHints":{"allow":["GET"]}}],"collection":[{"href":"https:\/\/festivaltransatlantico.com.br\/pt\/wp-json\/wp\/v2\/posts"}],"about":[{"href":"https:\/\/festivaltransatlantico.com.br\/pt\/wp-json\/wp\/v2\/types\/post"}],"author":[{"embeddable":true,"href":"https:\/\/festivaltransatlantico.com.br\/pt\/wp-json\/wp\/v2\/users\/3"}],"replies":[{"embeddable":true,"href":"https:\/\/festivaltransatlantico.com.br\/pt\/wp-json\/wp\/v2\/comments?post=680"}],"version-history":[{"count":5,"href":"https:\/\/festivaltransatlantico.com.br\/pt\/wp-json\/wp\/v2\/posts\/680\/revisions"}],"predecessor-version":[{"id":839,"href":"https:\/\/festivaltransatlantico.com.br\/pt\/wp-json\/wp\/v2\/posts\/680\/revisions\/839"}],"wp:attachment":[{"href":"https:\/\/festivaltransatlantico.com.br\/pt\/wp-json\/wp\/v2\/media?parent=680"}],"wp:term":[{"taxonomy":"category","embeddable":true,"href":"https:\/\/festivaltransatlantico.com.br\/pt\/wp-json\/wp\/v2\/categories?post=680"},{"taxonomy":"post_tag","embeddable":true,"href":"https:\/\/festivaltransatlantico.com.br\/pt\/wp-json\/wp\/v2\/tags?post=680"}],"curies":[{"name":"wp","href":"https:\/\/api.w.org\/{rel}","templated":true}]}}