{"id":697,"date":"2021-03-15T20:29:47","date_gmt":"2021-03-15T23:29:47","guid":{"rendered":"https:\/\/paulajunior.com\/dev\/festivaltransatlantico\/titulo-atividade-2-copy-copy\/"},"modified":"2021-03-25T20:58:54","modified_gmt":"2021-03-25T23:58:54","slug":"titulo-atividade-2-copy-copy","status":"publish","type":"post","link":"https:\/\/festivaltransatlantico.com.br\/pt\/titulo-atividade-2-copy-copy\/","title":{"rendered":"Tipos"},"content":{"rendered":"\n<p>Em um resgate da obra do fot\u00f3grafo teuto-brasileiro Alberto Henschel, Tipos ressignifica registros de pessoas de descend\u00eancia e\/ou origem africana &#8211; datados dos anos de 1860 &#8211;&nbsp; por meio da fotopintura digital e manipula\u00e7\u00e3o de imagem, retoma o passado e confere a esses indiv\u00edduos o direito \u00e0 subjetividade.<\/p>\n\n\n\n<p><em>Intermediadores: Christian Cravo, Adriana Cravo e Marcelo Reis<\/em><\/p>\n\n\n\n<p class=\"has-small-font-size\">Fernando Banzi jornalista, p\u00f3s-graduado em fotografia, trabalha e reside em S\u00e3o Paulo. Integrante da Goma Oficina Plataforma Colaborativa, docente de fotografia no Senac S\u00e3o Miguel Paulista\/SP. Foi selecionado para o Programa Nova Fotografia 2018 do MIS S\u00e3o Paulo com o trabalho Tipos, no mesmo ano foi selecionado para o Festival PHotoEspa\u00f1a em Madri, Festival Internacional da Imagem Valongo em Santos\/SP, convidado para o Solar Foto Festival em Fortaleza\/CE. Selecionado para o Festival Zum 2019, Revista ZUM do Instituto Moreira Salles para apresenta\u00e7\u00e3o do livro Types que integrou a biblioteca do instituto. Tem 03 fotolivros autopublicados: Hecho en Mexico, Taciturnidade, Omipipa e no final de 2019 teve o fotolivro &#8220;Types&#8221; publicado pela editora francesa Edition Bressard. Em 2020 ministrou o workshop &#8220;Pandemia: Maneiras de fotografar dentro de casa&#8221; para o QXAS Festival de Fotografia do Sert\u00e3o Central. Com a s\u00e9rie &#8220;M\u00e1scara&#8221;foi selecionado para 6\u00aa edi\u00e7\u00e3o do Pequeno Encontro de Fotografia de Olinda\/PE, com o mesma s\u00e9rie foi selecionado para apresenta\u00e7\u00e3o de &#8220;\u00c2mago&#8221;, terceiro epis\u00f3dio da s\u00e9rie de v\u00eddeos produzidos a partir do projeto POR DENTRO DE UM TEMPO SUSPENSO, iniciativa do Foto em Pauta, Foto Rio, Solar foto festival e DOC Galeria. a s\u00e9rie &#8220;M\u00e1scara&#8221; tamb\u00e9m fez parte do Festival de Fotografia de Auckland na Nova Zel\u00e2ndia com a exibi\u00e7\u00e3o de um v\u00eddeo com uma sele\u00e7\u00e3o de mais de 200 imagens de 200 fot\u00f3grafos internacionais, com curadoria de FORMAT.<\/p>\n","protected":false},"excerpt":{"rendered":"<p>Em um resgate da obra do fot\u00f3grafo teuto-brasileiro Alberto Henschel, Tipos ressignifica registros de pessoas de descend\u00eancia e\/ou origem africana &#8211; datados dos anos de 1860 &#8211;&nbsp; por meio da fotopintura digital e manipula\u00e7\u00e3o de imagem, retoma o passado e confere a esses indiv\u00edduos o direito \u00e0 subjetividade. Intermediadores: Christian Cravo, Adriana Cravo e Marcelo [&hellip;]<\/p>\n","protected":false},"author":3,"featured_media":0,"comment_status":"open","ping_status":"open","sticky":false,"template":"","format":"standard","meta":{"_acf_changed":false,"footnotes":""},"categories":[18],"tags":[],"class_list":["post-697","post","type-post","status-publish","format-standard","hentry","category-atividades"],"acf":[],"_links":{"self":[{"href":"https:\/\/festivaltransatlantico.com.br\/pt\/wp-json\/wp\/v2\/posts\/697","targetHints":{"allow":["GET"]}}],"collection":[{"href":"https:\/\/festivaltransatlantico.com.br\/pt\/wp-json\/wp\/v2\/posts"}],"about":[{"href":"https:\/\/festivaltransatlantico.com.br\/pt\/wp-json\/wp\/v2\/types\/post"}],"author":[{"embeddable":true,"href":"https:\/\/festivaltransatlantico.com.br\/pt\/wp-json\/wp\/v2\/users\/3"}],"replies":[{"embeddable":true,"href":"https:\/\/festivaltransatlantico.com.br\/pt\/wp-json\/wp\/v2\/comments?post=697"}],"version-history":[{"count":5,"href":"https:\/\/festivaltransatlantico.com.br\/pt\/wp-json\/wp\/v2\/posts\/697\/revisions"}],"predecessor-version":[{"id":841,"href":"https:\/\/festivaltransatlantico.com.br\/pt\/wp-json\/wp\/v2\/posts\/697\/revisions\/841"}],"wp:attachment":[{"href":"https:\/\/festivaltransatlantico.com.br\/pt\/wp-json\/wp\/v2\/media?parent=697"}],"wp:term":[{"taxonomy":"category","embeddable":true,"href":"https:\/\/festivaltransatlantico.com.br\/pt\/wp-json\/wp\/v2\/categories?post=697"},{"taxonomy":"post_tag","embeddable":true,"href":"https:\/\/festivaltransatlantico.com.br\/pt\/wp-json\/wp\/v2\/tags?post=697"}],"curies":[{"name":"wp","href":"https:\/\/api.w.org\/{rel}","templated":true}]}}