{"id":737,"date":"2021-03-15T21:44:19","date_gmt":"2021-03-16T00:44:19","guid":{"rendered":"https:\/\/paulajunior.com\/dev\/festivaltransatlantico\/titulo-copy-copy-copy\/"},"modified":"2021-03-27T14:23:49","modified_gmt":"2021-03-27T17:23:49","slug":"titulo-copy-copy-copy","status":"publish","type":"post","link":"https:\/\/festivaltransatlantico.com.br\/pt\/titulo-copy-copy-copy\/","title":{"rendered":"Ex Mundus Novus"},"content":{"rendered":"\n<p>Alex Webb comenta as suas andan\u00e7as por pa\u00edses meridionais e apresenta a s\u00e9rie \u201c<em>Ex Mundus Novus<\/em>\u201d (em ingl\u00eas &#8211; com tradu\u00e7\u00e3o consecutiva)<\/p>\n\n\n\n<p><em>Intermediador: Christian Cravo e \u00c2ngela Berlinde<\/em><\/p>\n\n\n\n<p class=\"has-small-font-size\">Alex Webb&nbsp;nasceu em S\u00e3o Francisco, EUA, no ano de 1952. O seu interesse pela fotografia nasceu enquanto estudante de liceu. Em 1972 frequentou o Workshop Apeiron de fotografia (em Millerton, Nova Iorque) onde conheceu Bruce Davidson e Charles Harbutt (fot\u00f3grafos da ag\u00eancia Magnum). Estuda Hist\u00f3ria e Literatura na Universidade de Harvard e, paralelamente, fotografia no&nbsp;<em>Carpenter Center for the Visual Arts<\/em>&nbsp;(integrado na mesma universidade). Come\u00e7a a trabalhar como fotojornalista em 1974 e apenas dois anos depois torna-se membro associado da Ag\u00eancia Magnum. Webb \u00e9 um dos fot\u00f3grafos de rua mais extraordin\u00e1rios do nosso tempo. A sua fotografia \u00e9 marcada por cores fortes, jogos de luz e sombra e pela complexidade das suas imagens que se situam na fronteira entre a ordem e o caos: como se a adi\u00e7\u00e3o de mais um elemento \u2013 qualquer ele que fosse \u2013 quebrasse a eleg\u00e2ncia e inteligibilidade da fotografia.<\/p>\n","protected":false},"excerpt":{"rendered":"<p>Alex Webb comenta as suas andan\u00e7as por pa\u00edses meridionais e apresenta a s\u00e9rie \u201cEx Mundus Novus\u201d (em ingl\u00eas &#8211; com tradu\u00e7\u00e3o consecutiva) Intermediador: Christian Cravo e \u00c2ngela Berlinde Alex Webb&nbsp;nasceu em S\u00e3o Francisco, EUA, no ano de 1952. O seu interesse pela fotografia nasceu enquanto estudante de liceu. Em 1972 frequentou o Workshop Apeiron de [&hellip;]<\/p>\n","protected":false},"author":3,"featured_media":0,"comment_status":"open","ping_status":"open","sticky":false,"template":"","format":"standard","meta":{"_acf_changed":false,"footnotes":""},"categories":[18],"tags":[],"class_list":["post-737","post","type-post","status-publish","format-standard","hentry","category-atividades"],"acf":[],"_links":{"self":[{"href":"https:\/\/festivaltransatlantico.com.br\/pt\/wp-json\/wp\/v2\/posts\/737","targetHints":{"allow":["GET"]}}],"collection":[{"href":"https:\/\/festivaltransatlantico.com.br\/pt\/wp-json\/wp\/v2\/posts"}],"about":[{"href":"https:\/\/festivaltransatlantico.com.br\/pt\/wp-json\/wp\/v2\/types\/post"}],"author":[{"embeddable":true,"href":"https:\/\/festivaltransatlantico.com.br\/pt\/wp-json\/wp\/v2\/users\/3"}],"replies":[{"embeddable":true,"href":"https:\/\/festivaltransatlantico.com.br\/pt\/wp-json\/wp\/v2\/comments?post=737"}],"version-history":[{"count":5,"href":"https:\/\/festivaltransatlantico.com.br\/pt\/wp-json\/wp\/v2\/posts\/737\/revisions"}],"predecessor-version":[{"id":848,"href":"https:\/\/festivaltransatlantico.com.br\/pt\/wp-json\/wp\/v2\/posts\/737\/revisions\/848"}],"wp:attachment":[{"href":"https:\/\/festivaltransatlantico.com.br\/pt\/wp-json\/wp\/v2\/media?parent=737"}],"wp:term":[{"taxonomy":"category","embeddable":true,"href":"https:\/\/festivaltransatlantico.com.br\/pt\/wp-json\/wp\/v2\/categories?post=737"},{"taxonomy":"post_tag","embeddable":true,"href":"https:\/\/festivaltransatlantico.com.br\/pt\/wp-json\/wp\/v2\/tags?post=737"}],"curies":[{"name":"wp","href":"https:\/\/api.w.org\/{rel}","templated":true}]}}