{"id":746,"date":"2021-03-15T21:50:13","date_gmt":"2021-03-16T00:50:13","guid":{"rendered":"https:\/\/paulajunior.com\/dev\/festivaltransatlantico\/titulo-copy-copy-copy-copy-copy-copy\/"},"modified":"2021-03-28T12:14:16","modified_gmt":"2021-03-28T15:14:16","slug":"titulo-copy-copy-copy-copy-copy-copy","status":"publish","type":"post","link":"https:\/\/festivaltransatlantico.com.br\/pt\/titulo-copy-copy-copy-copy-copy-copy\/","title":{"rendered":"Infra"},"content":{"rendered":"\n<p>Richard Mosse apresenta a complexidade dos conflitos na Rep\u00fablica Democr\u00e1tica do Congo atrav\u00e9s da s\u00e9rie \u201c<em>Infra<\/em>\u201d (em ingl\u00eas &#8211; com tradu\u00e7\u00e3o consecutiva)<\/p>\n\n\n\n<p><em>Intermediadores: Christian Cravo e \u00c2ngela Berlinde<\/em><\/p>\n\n\n\n<p class=\"has-small-font-size\">Richard Mosse (Kilkenny, 1980) vive e trabalha entre Nova Iorque e a Irlanda. Teve seu trabalho recentemente apresentado em exposi\u00e7\u00f5es individuais no Museu de Arte Moderna de S\u00e3o Francisco, na Galeria Nacional de Arte de Washington DC, na Galeria de Arte Barbican de Londres e na Galeria Nacional de Victoria em Melbourne. Mosse tamb\u00e9m participou de exposi\u00e7\u00f5es coletivas realizadas nas seguintes institui\u00e7\u00f5es, entre outras: Museu de Belas Artes de Basileia; Instituto de Arte Contempor\u00e2nea de Boston; Instituto de Arte de Minneapolis; Academia das Artes de Berlim; Sal\u00e3o de Arte de Hamburgo; Museu de Arte Moderna de Frankfurt; Museu Nacional de Arte Moderna e Contempor\u00e2nea de Seul; Museu de Arte de Denver; Festival Internacional de Cinema Salaam Kivu de Goma; Museu Victoria e Albert de Londres; Galeria Tretyakov de Moscou. Recebeu o Pr\u00eamio Pictet, o Pr\u00eamio Deutsche B\u00f6rse de Fotografia, uma bolsa Guggenheim, uma bolsa da Funda\u00e7\u00e3o Shifting, a bolsa Poynter de Jornalismo da Yale, o Pr\u00eamio da Bienal B3 de Frankfurt, uma bolsa do Fundo de Produ\u00e7\u00e3o de Arte, uma bolsa do Centro Pulitzer de Cobertura de Crises, al\u00e9m da bolsa Leonore Annenberg. \u00c9 Membro Honor\u00e1rio da Sociedade Real de Fotografia, e representou a Irlanda na 55a Bienal de Arte de Veneza. O artista tem seis livros publicados. Sua \u00faltima obra, <em>The Castle<\/em>, lan\u00e7ada pela MACK, foi apontada pela <em>New York Times Magazine<\/em> como um dos dez melhores fotolivros de 2018. Mosse tem mestrado em Fotografia pela Universidade de Yale, especializa\u00e7\u00e3o em Belas Artes pela Goldsmiths, Londres, mestrado pelo Cons\u00f3rcio de Londres, e um bacharelado com distin\u00e7\u00e3o em Literatura Inglesa pelo King\u2019s College de Londres.<\/p>\n","protected":false},"excerpt":{"rendered":"<p>Richard Mosse apresenta a complexidade dos conflitos na Rep\u00fablica Democr\u00e1tica do Congo atrav\u00e9s da s\u00e9rie \u201cInfra\u201d (em ingl\u00eas &#8211; com tradu\u00e7\u00e3o consecutiva) Intermediadores: Christian Cravo e \u00c2ngela Berlinde Richard Mosse (Kilkenny, 1980) vive e trabalha entre Nova Iorque e a Irlanda. Teve seu trabalho recentemente apresentado em exposi\u00e7\u00f5es individuais no Museu de Arte Moderna de [&hellip;]<\/p>\n","protected":false},"author":3,"featured_media":0,"comment_status":"open","ping_status":"open","sticky":false,"template":"","format":"standard","meta":{"_acf_changed":false,"footnotes":""},"categories":[18],"tags":[],"class_list":["post-746","post","type-post","status-publish","format-standard","hentry","category-atividades"],"acf":[],"_links":{"self":[{"href":"https:\/\/festivaltransatlantico.com.br\/pt\/wp-json\/wp\/v2\/posts\/746","targetHints":{"allow":["GET"]}}],"collection":[{"href":"https:\/\/festivaltransatlantico.com.br\/pt\/wp-json\/wp\/v2\/posts"}],"about":[{"href":"https:\/\/festivaltransatlantico.com.br\/pt\/wp-json\/wp\/v2\/types\/post"}],"author":[{"embeddable":true,"href":"https:\/\/festivaltransatlantico.com.br\/pt\/wp-json\/wp\/v2\/users\/3"}],"replies":[{"embeddable":true,"href":"https:\/\/festivaltransatlantico.com.br\/pt\/wp-json\/wp\/v2\/comments?post=746"}],"version-history":[{"count":5,"href":"https:\/\/festivaltransatlantico.com.br\/pt\/wp-json\/wp\/v2\/posts\/746\/revisions"}],"predecessor-version":[{"id":849,"href":"https:\/\/festivaltransatlantico.com.br\/pt\/wp-json\/wp\/v2\/posts\/746\/revisions\/849"}],"wp:attachment":[{"href":"https:\/\/festivaltransatlantico.com.br\/pt\/wp-json\/wp\/v2\/media?parent=746"}],"wp:term":[{"taxonomy":"category","embeddable":true,"href":"https:\/\/festivaltransatlantico.com.br\/pt\/wp-json\/wp\/v2\/categories?post=746"},{"taxonomy":"post_tag","embeddable":true,"href":"https:\/\/festivaltransatlantico.com.br\/pt\/wp-json\/wp\/v2\/tags?post=746"}],"curies":[{"name":"wp","href":"https:\/\/api.w.org\/{rel}","templated":true}]}}